{"id":109,"date":"2023-07-24T22:58:38","date_gmt":"2023-07-24T22:58:38","guid":{"rendered":"https:\/\/www.avrio.ch\/v23\/uncategorized\/executive-master-in-business-it\/"},"modified":"2023-09-11T00:57:31","modified_gmt":"2023-09-10T22:57:31","slug":"master-ejecutivo-en-direccion-de-empresas","status":"publish","type":"post","link":"https:\/\/www.avrio.ch\/es\/programs\/executive-master-in-business-it\/","title":{"rendered":"Master Ejecutivo en TI Empresarial"},"content":{"rendered":"<p>El M\u00e1ster Executive en tecnolog\u00eda de la informaci\u00f3n empresarial del Instituto Avrio de Gen\u00e8ve aborda el inter\u00e9s de los administradores y funcionarios que trabajan en la interfaz entre TI y la junta directiva y que tienen una comprensi\u00f3n general de las dos regiones. El objetivo principal es ense\u00f1ar a otra era de administradores el cambio avanzado. Este programa en l\u00ednea ofrece una revisi\u00f3n de los formularios comerciales de toda la asociaci\u00f3n y proporciona a nuestros miembros la habilidad adecuada para comprender los aparatos y figuras m\u00e1s importantes.<\/p>\n<p> \u00a0<\/p>\n<p>Buscamos profesionales directivos y t\u00e9cnicos expertos en esta era de las tecnolog\u00edas de la informaci\u00f3n y la digitalizaci\u00f3n. Los ejecutivos, en cualquier caso, van m\u00e1s all\u00e1: la capacidad de correspondencia y de autoridad son esenciales hoy en d\u00eda. Nuestra educaci\u00f3n a distancia le permite consolidar cada uno de estos \u00e1ngulos y concentrarse en la combinaci\u00f3n entre las \u00e1reas de negocios y TI, prepar\u00e1ndolo posteriormente de manera integral para las consultas comerciales impredecibles del futuro.<\/p>\n<p> \u00a0<\/p>\n<p>El objetivo de este diploma es brindarle un conjunto completo de cursos y m\u00f3dulos que incluyen, entre otros:<\/p>\n<ul>\n<li>Gesti\u00f3n del cambio<\/li>\n<li>Administraci\u00f3n Internacional<\/li>\n<li>Cooperaci\u00f3n intercultural<\/li>\n<li>Gesti\u00f3n de la oferta y la demanda.<\/li>\n<li>Leyes del mercado<\/li>\n<li>Transformaci\u00f3n Digital y \u00c9tica<\/li>\n<li>Seguridad informatica<\/li>\n<\/ul>\n<p>Equipado con este diploma, puede desempe\u00f1ar un papel de liderazgo en los \u00e1mbitos de la consultor\u00eda, la ingenier\u00eda de TI, los medios digitales y la consultor\u00eda de TI empresarial dentro de organizaciones con y sin fines de lucro. Este diploma de estudio virtual te ofrece el lujo de adquirir conocimientos desde tu casa sin tener que mudarte durante un a\u00f1o.<\/p>","protected":false},"excerpt":{"rendered":"<p>El M\u00e1ster Executive en tecnolog\u00eda de la informaci\u00f3n empresarial del Instituto Avrio de Gen\u00e8ve aborda el inter\u00e9s de los administradores y funcionarios que trabajan en la interfaz entre TI y la junta directiva y que tienen una comprensi\u00f3n general de las dos regiones. El objetivo principal es ense\u00f1ar a otra era de administradores el cambio avanzado. Este programa en l\u00ednea ofrece una revisi\u00f3n de los formularios comerciales de toda la asociaci\u00f3n y proporciona a nuestros miembros la habilidad adecuada para comprender los aparatos y figuras m\u00e1s importantes.<\/p>","protected":false},"author":1,"featured_media":25704,"comment_status":"closed","ping_status":"open","sticky":false,"template":"","format":"standard","meta":{"_acf_changed":false,"site-sidebar-layout":"default","site-content-layout":"","ast-site-content-layout":"default","site-content-style":"default","site-sidebar-style":"default","ast-global-header-display":"","ast-banner-title-visibility":"","ast-main-header-display":"","ast-hfb-above-header-display":"","ast-hfb-below-header-display":"","ast-hfb-mobile-header-display":"","site-post-title":"","ast-breadcrumbs-content":"","ast-featured-img":"","footer-sml-layout":"","ast-disable-related-posts":"","theme-transparent-header-meta":"","adv-header-id-meta":"","stick-header-meta":"","header-above-stick-meta":"","header-main-stick-meta":"","header-below-stick-meta":"","astra-migrate-meta-layouts":"default","ast-page-background-enabled":"default","ast-page-background-meta":{"desktop":{"background-color":"var(--ast-global-color-4)","background-image":"","background-repeat":"repeat","background-position":"center center","background-size":"auto","background-attachment":"scroll","background-type":"","background-media":"","overlay-type":"","overlay-color":"","overlay-opacity":"","overlay-gradient":""},"tablet":{"background-color":"","background-image":"","background-repeat":"repeat","background-position":"center center","background-size":"auto","background-attachment":"scroll","background-type":"","background-media":"","overlay-type":"","overlay-color":"","overlay-opacity":"","overlay-gradient":""},"mobile":{"background-color":"","background-image":"","background-repeat":"repeat","background-position":"center center","background-size":"auto","background-attachment":"scroll","background-type":"","background-media":"","overlay-type":"","overlay-color":"","overlay-opacity":"","overlay-gradient":""}},"ast-content-background-meta":{"desktop":{"background-color":"var(--ast-global-color-5)","background-image":"","background-repeat":"repeat","background-position":"center center","background-size":"auto","background-attachment":"scroll","background-type":"","background-media":"","overlay-type":"","overlay-color":"","overlay-opacity":"","overlay-gradient":""},"tablet":{"background-color":"var(--ast-global-color-5)","background-image":"","background-repeat":"repeat","background-position":"center center","background-size":"auto","background-attachment":"scroll","background-type":"","background-media":"","overlay-type":"","overlay-color":"","overlay-opacity":"","overlay-gradient":""},"mobile":{"background-color":"var(--ast-global-color-5)","background-image":"","background-repeat":"repeat","background-position":"center center","background-size":"auto","background-attachment":"scroll","background-type":"","background-media":"","overlay-type":"","overlay-color":"","overlay-opacity":"","overlay-gradient":""}},"footnotes":""},"categories":[11],"tags":[],"class_list":["post-109","post","type-post","status-publish","format-standard","has-post-thumbnail","hentry","category-online-emba-programs"],"acf":[],"yoast_head":"<!-- This site is optimized with the Yoast SEO Premium plugin v27.4 (Yoast SEO v27.4) - https:\/\/yoast.com\/product\/yoast-seo-premium-wordpress\/ -->\n<title>Online Executive Master in Business IT - Institut Avrio de Gen\u00e8ve<\/title>\n<meta name=\"description\" content=\"Institut Avrio de Gen\u00e8ve&#039;s Executive master&#039;s in business information technology is dealing with the interest in administrators and officials who work at the interface among IT and the board and have a general comprehension of the two regions is developing persistently. The focal point of is to teach another age of administrators advanced change. This online program gives a review of business forms all through the whole association and furnishes our members with the correct skill to comprehend the most significant apparatuses and figures.\" \/>\n<meta name=\"robots\" content=\"index, follow, max-snippet:-1, max-image-preview:large, max-video-preview:-1\" \/>\n<link rel=\"canonical\" href=\"https:\/\/www.avrio.ch\/es\/programas\/master-ejecutivo-en-direccion-de-empresas\/\" \/>\n<meta property=\"og:locale\" content=\"es_ES\" \/>\n<meta property=\"og:type\" content=\"article\" \/>\n<meta property=\"og:title\" content=\"Executive Master in Business IT\" \/>\n<meta property=\"og:description\" content=\"Institut Avrio de Gen\u00e8ve&#039;s Executive master&#039;s in business information technology is dealing with the interest in administrators and officials who work at the interface among IT and the board and have a general comprehension of the two regions is developing persistently. The focal point of is to teach another age of administrators advanced change. This online program gives a review of business forms all through the whole association and furnishes our members with the correct skill to comprehend the most significant apparatuses and figures.\" \/>\n<meta property=\"og:url\" content=\"https:\/\/www.avrio.ch\/es\/programas\/master-ejecutivo-en-direccion-de-empresas\/\" \/>\n<meta property=\"og:site_name\" content=\"Institut Avrio de Gen\u00e8ve\" \/>\n<meta property=\"article:publisher\" content=\"https:\/\/www.facebook.com\/institutavriodegeneve\/\" \/>\n<meta property=\"article:published_time\" content=\"2023-07-24T22:58:38+00:00\" \/>\n<meta property=\"article:modified_time\" content=\"2023-09-10T22:57:31+00:00\" \/>\n<meta property=\"og:image\" content=\"https:\/\/www.avrio.ch\/v23\/wp-content\/uploads\/2023\/08\/EMBA-in-Business-IT-scaled-2.jpg\" \/>\n\t<meta property=\"og:image:width\" content=\"1500\" \/>\n\t<meta property=\"og:image:height\" content=\"1086\" \/>\n\t<meta property=\"og:image:type\" content=\"image\/jpeg\" \/>\n<meta name=\"author\" content=\"Avrio Institute\" \/>\n<meta name=\"twitter:card\" content=\"summary_large_image\" \/>\n<meta name=\"twitter:creator\" content=\"@AvrioDeGeneve\" \/>\n<meta name=\"twitter:site\" content=\"@AvrioDeGeneve\" \/>\n<meta name=\"twitter:label1\" content=\"Escrito por\" \/>\n\t<meta name=\"twitter:data1\" content=\"Avrio Institute\" \/>\n\t<meta name=\"twitter:label2\" content=\"Tiempo de lectura\" \/>\n\t<meta name=\"twitter:data2\" content=\"1 minuto\" \/>\n<script type=\"application\/ld+json\" class=\"yoast-schema-graph\">{\"@context\":\"https:\\\/\\\/schema.org\",\"@graph\":[{\"@type\":\"Article\",\"@id\":\"https:\\\/\\\/www.avrio.ch\\\/programs\\\/executive-master-in-business-it\\\/#article\",\"isPartOf\":{\"@id\":\"https:\\\/\\\/www.avrio.ch\\\/programs\\\/executive-master-in-business-it\\\/\"},\"author\":{\"name\":\"Avrio Institute\",\"@id\":\"https:\\\/\\\/www.avrio.ch\\\/#\\\/schema\\\/person\\\/e7974c0d2c4bee5aea5c23425e4e5532\"},\"headline\":\"Executive Master in Business IT\",\"datePublished\":\"2023-07-24T22:58:38+00:00\",\"dateModified\":\"2023-09-10T22:57:31+00:00\",\"mainEntityOfPage\":{\"@id\":\"https:\\\/\\\/www.avrio.ch\\\/programs\\\/executive-master-in-business-it\\\/\"},\"wordCount\":257,\"publisher\":{\"@id\":\"https:\\\/\\\/www.avrio.ch\\\/#organization\"},\"image\":{\"@id\":\"https:\\\/\\\/www.avrio.ch\\\/programs\\\/executive-master-in-business-it\\\/#primaryimage\"},\"thumbnailUrl\":\"https:\\\/\\\/www.avrio.ch\\\/v23\\\/wp-content\\\/uploads\\\/2023\\\/08\\\/EMBA-in-Business-IT-scaled-2.jpg\",\"articleSection\":[\"Online Executive Master in Business and Management\"],\"inLanguage\":\"es\"},{\"@type\":\"WebPage\",\"@id\":\"https:\\\/\\\/www.avrio.ch\\\/programs\\\/executive-master-in-business-it\\\/\",\"url\":\"https:\\\/\\\/www.avrio.ch\\\/programs\\\/executive-master-in-business-it\\\/\",\"name\":\"Online Executive Master in Business IT - Institut Avrio de Gen\u00e8ve\",\"isPartOf\":{\"@id\":\"https:\\\/\\\/www.avrio.ch\\\/#website\"},\"primaryImageOfPage\":{\"@id\":\"https:\\\/\\\/www.avrio.ch\\\/programs\\\/executive-master-in-business-it\\\/#primaryimage\"},\"image\":{\"@id\":\"https:\\\/\\\/www.avrio.ch\\\/programs\\\/executive-master-in-business-it\\\/#primaryimage\"},\"thumbnailUrl\":\"https:\\\/\\\/www.avrio.ch\\\/v23\\\/wp-content\\\/uploads\\\/2023\\\/08\\\/EMBA-in-Business-IT-scaled-2.jpg\",\"datePublished\":\"2023-07-24T22:58:38+00:00\",\"dateModified\":\"2023-09-10T22:57:31+00:00\",\"description\":\"Institut Avrio de Gen\u00e8ve's Executive master's in business information technology is dealing with the interest in administrators and officials who work at the interface among IT and the board and have a general comprehension of the two regions is developing persistently. The focal point of is to teach another age of administrators advanced change. This online program gives a review of business forms all through the whole association and furnishes our members with the correct skill to comprehend the most significant apparatuses and figures.\",\"breadcrumb\":{\"@id\":\"https:\\\/\\\/www.avrio.ch\\\/programs\\\/executive-master-in-business-it\\\/#breadcrumb\"},\"inLanguage\":\"es\",\"potentialAction\":[{\"@type\":\"ReadAction\",\"target\":[\"https:\\\/\\\/www.avrio.ch\\\/programs\\\/executive-master-in-business-it\\\/\"]}]},{\"@type\":\"ImageObject\",\"inLanguage\":\"es\",\"@id\":\"https:\\\/\\\/www.avrio.ch\\\/programs\\\/executive-master-in-business-it\\\/#primaryimage\",\"url\":\"https:\\\/\\\/www.avrio.ch\\\/v23\\\/wp-content\\\/uploads\\\/2023\\\/08\\\/EMBA-in-Business-IT-scaled-2.jpg\",\"contentUrl\":\"https:\\\/\\\/www.avrio.ch\\\/v23\\\/wp-content\\\/uploads\\\/2023\\\/08\\\/EMBA-in-Business-IT-scaled-2.jpg\",\"width\":1500,\"height\":1086},{\"@type\":\"BreadcrumbList\",\"@id\":\"https:\\\/\\\/www.avrio.ch\\\/programs\\\/executive-master-in-business-it\\\/#breadcrumb\",\"itemListElement\":[{\"@type\":\"ListItem\",\"position\":1,\"name\":\"Home\",\"item\":\"https:\\\/\\\/www.avrio.ch\\\/\"},{\"@type\":\"ListItem\",\"position\":2,\"name\":\"Study Programs\",\"item\":\"https:\\\/\\\/www.avrio.ch\\\/study-programs\\\/\"},{\"@type\":\"ListItem\",\"position\":3,\"name\":\"Business Management Faculty\",\"item\":\"https:\\\/\\\/www.avrio.ch\\\/study-programs\\\/business-management-faculty\\\/\"},{\"@type\":\"ListItem\",\"position\":4,\"name\":\"Online Executive Master in Business and Management\",\"item\":\"https:\\\/\\\/www.avrio.ch\\\/study-programs\\\/business-management-faculty\\\/online-emba-programs\\\/\"},{\"@type\":\"ListItem\",\"position\":5,\"name\":\"Executive Master in Business IT\"}]},{\"@type\":\"WebSite\",\"@id\":\"https:\\\/\\\/www.avrio.ch\\\/#website\",\"url\":\"https:\\\/\\\/www.avrio.ch\\\/\",\"name\":\"Institut Avrio de Gen\u00e8ve\",\"description\":\"Online Business Management &amp; Information Technology Institute\",\"publisher\":{\"@id\":\"https:\\\/\\\/www.avrio.ch\\\/#organization\"},\"alternateName\":\"Avrio Institute\",\"potentialAction\":[{\"@type\":\"SearchAction\",\"target\":{\"@type\":\"EntryPoint\",\"urlTemplate\":\"https:\\\/\\\/www.avrio.ch\\\/?s={search_term_string}\"},\"query-input\":{\"@type\":\"PropertyValueSpecification\",\"valueRequired\":true,\"valueName\":\"search_term_string\"}}],\"inLanguage\":\"es\"},{\"@type\":[\"Organization\",\"Place\",\"CollegeOrUniversity\"],\"@id\":\"https:\\\/\\\/www.avrio.ch\\\/#organization\",\"name\":\"Institut Avrio de Gen\u00e8ve\",\"alternateName\":\"Avrio Institute\",\"url\":\"https:\\\/\\\/www.avrio.ch\\\/\",\"logo\":{\"@id\":\"https:\\\/\\\/www.avrio.ch\\\/programs\\\/executive-master-in-business-it\\\/#local-main-organization-logo\"},\"image\":{\"@id\":\"https:\\\/\\\/www.avrio.ch\\\/programs\\\/executive-master-in-business-it\\\/#local-main-organization-logo\"},\"sameAs\":[\"https:\\\/\\\/www.facebook.com\\\/institutavriodegeneve\\\/\",\"https:\\\/\\\/x.com\\\/AvrioDeGeneve\",\"https:\\\/\\\/www.instagram.com\\\/institutavriodegeneve\\\/\",\"https:\\\/\\\/www.linkedin.com\\\/in\\\/avrio-de-geneve-024392194\\\/\",\"https:\\\/\\\/www.youtube.com\\\/channel\\\/UCPP2orNhGglhisZlldUbnkQ\"],\"address\":{\"@id\":\"https:\\\/\\\/www.avrio.ch\\\/programs\\\/executive-master-in-business-it\\\/#local-main-place-address\"},\"telephone\":[\"+41794642989\"],\"openingHoursSpecification\":[{\"@type\":\"OpeningHoursSpecification\",\"dayOfWeek\":[\"Sunday\",\"Wednesday\",\"Saturday\"],\"opens\":\"00:00\",\"closes\":\"00:00\"},{\"@type\":\"OpeningHoursSpecification\",\"dayOfWeek\":[\"Monday\",\"Tuesday\",\"Thursday\",\"Friday\"],\"opens\":\"09:00\",\"closes\":\"11:00\"}],\"email\":\"info@avrio.ch\"},{\"@type\":\"Person\",\"@id\":\"https:\\\/\\\/www.avrio.ch\\\/#\\\/schema\\\/person\\\/e7974c0d2c4bee5aea5c23425e4e5532\",\"name\":\"Avrio Institute\",\"image\":{\"@type\":\"ImageObject\",\"inLanguage\":\"es\",\"@id\":\"https:\\\/\\\/www.avrio.ch\\\/v23\\\/wp-content\\\/litespeed\\\/avatar\\\/a3d33f0d2ea3cd17bdc582894db0410a.jpg?ver=1777456527\",\"url\":\"https:\\\/\\\/www.avrio.ch\\\/v23\\\/wp-content\\\/litespeed\\\/avatar\\\/a3d33f0d2ea3cd17bdc582894db0410a.jpg?ver=1777456527\",\"contentUrl\":\"https:\\\/\\\/www.avrio.ch\\\/v23\\\/wp-content\\\/litespeed\\\/avatar\\\/a3d33f0d2ea3cd17bdc582894db0410a.jpg?ver=1777456527\",\"caption\":\"Avrio Institute\"},\"sameAs\":[\"https:\\\/\\\/www.avrio.ch\\\/\"]},{\"@type\":\"PostalAddress\",\"@id\":\"https:\\\/\\\/www.avrio.ch\\\/programs\\\/executive-master-in-business-it\\\/#local-main-place-address\",\"streetAddress\":\"Rue de la Cit\u00e9 1\",\"addressLocality\":\"Geneva\",\"postalCode\":\"1204\",\"addressRegion\":\"Geneva\",\"addressCountry\":\"CH\"},{\"@type\":\"ImageObject\",\"inLanguage\":\"es\",\"@id\":\"https:\\\/\\\/www.avrio.ch\\\/programs\\\/executive-master-in-business-it\\\/#local-main-organization-logo\",\"url\":\"https:\\\/\\\/www.avrio.ch\\\/v23\\\/wp-content\\\/uploads\\\/2020\\\/04\\\/logo-new-img-1.png\",\"contentUrl\":\"https:\\\/\\\/www.avrio.ch\\\/v23\\\/wp-content\\\/uploads\\\/2020\\\/04\\\/logo-new-img-1.png\",\"width\":539,\"height\":600,\"caption\":\"Institut Avrio de Gen\u00e8ve\"}]}<\/script>\n<meta name=\"geo.placename\" content=\"Geneva\" \/>\n<meta name=\"geo.region\" content=\"Suiza\" \/>\n<!-- \/ Yoast SEO Premium plugin. -->","yoast_head_json":{"title":"Master ejecutivo en l\u00ednea en TI empresarial - Institut Avrio de Gen\u00e8ve","description":"El M\u00e1ster ejecutivo en tecnolog\u00eda de la informaci\u00f3n empresarial del Instituto Avrio de Gen\u00e8ve aborda el inter\u00e9s de los administradores y funcionarios que trabajan en la interfaz entre TI y la junta directiva y que tienen una comprensi\u00f3n general de las dos regiones. El objetivo principal es ense\u00f1ar a otra era de administradores el cambio avanzado. Este programa en l\u00ednea brinda una revisi\u00f3n de los formularios comerciales de toda la asociaci\u00f3n y proporciona a nuestros miembros la habilidad adecuada para comprender los aparatos y figuras m\u00e1s importantes.","robots":{"index":"index","follow":"follow","max-snippet":"max-snippet:-1","max-image-preview":"max-image-preview:large","max-video-preview":"max-video-preview:-1"},"canonical":"https:\/\/www.avrio.ch\/es\/programas\/master-ejecutivo-en-direccion-de-empresas\/","og_locale":"es_ES","og_type":"article","og_title":"Executive Master in Business IT","og_description":"Institut Avrio de Gen\u00e8ve's Executive master's in business information technology is dealing with the interest in administrators and officials who work at the interface among IT and the board and have a general comprehension of the two regions is developing persistently. The focal point of is to teach another age of administrators advanced change. This online program gives a review of business forms all through the whole association and furnishes our members with the correct skill to comprehend the most significant apparatuses and figures.","og_url":"https:\/\/www.avrio.ch\/es\/programas\/master-ejecutivo-en-direccion-de-empresas\/","og_site_name":"Institut Avrio de Gen\u00e8ve","article_publisher":"https:\/\/www.facebook.com\/institutavriodegeneve\/","article_published_time":"2023-07-24T22:58:38+00:00","article_modified_time":"2023-09-10T22:57:31+00:00","og_image":[{"width":1500,"height":1086,"url":"https:\/\/www.avrio.ch\/v23\/wp-content\/uploads\/2023\/08\/EMBA-in-Business-IT-scaled-2.jpg","type":"image\/jpeg"}],"author":"Avrio Institute","twitter_card":"summary_large_image","twitter_creator":"@AvrioDeGeneve","twitter_site":"@AvrioDeGeneve","twitter_misc":{"Escrito por":"Avrio Institute","Tiempo de lectura":"1 minuto"},"schema":{"@context":"https:\/\/schema.org","@graph":[{"@type":"Article","@id":"https:\/\/www.avrio.ch\/programs\/executive-master-in-business-it\/#article","isPartOf":{"@id":"https:\/\/www.avrio.ch\/programs\/executive-master-in-business-it\/"},"author":{"name":"Avrio Institute","@id":"https:\/\/www.avrio.ch\/#\/schema\/person\/e7974c0d2c4bee5aea5c23425e4e5532"},"headline":"Executive Master in Business IT","datePublished":"2023-07-24T22:58:38+00:00","dateModified":"2023-09-10T22:57:31+00:00","mainEntityOfPage":{"@id":"https:\/\/www.avrio.ch\/programs\/executive-master-in-business-it\/"},"wordCount":257,"publisher":{"@id":"https:\/\/www.avrio.ch\/#organization"},"image":{"@id":"https:\/\/www.avrio.ch\/programs\/executive-master-in-business-it\/#primaryimage"},"thumbnailUrl":"https:\/\/www.avrio.ch\/v23\/wp-content\/uploads\/2023\/08\/EMBA-in-Business-IT-scaled-2.jpg","articleSection":["Online Executive Master in Business and Management"],"inLanguage":"es"},{"@type":"WebPage","@id":"https:\/\/www.avrio.ch\/programs\/executive-master-in-business-it\/","url":"https:\/\/www.avrio.ch\/programs\/executive-master-in-business-it\/","name":"Master ejecutivo en l\u00ednea en TI empresarial - Institut Avrio de Gen\u00e8ve","isPartOf":{"@id":"https:\/\/www.avrio.ch\/#website"},"primaryImageOfPage":{"@id":"https:\/\/www.avrio.ch\/programs\/executive-master-in-business-it\/#primaryimage"},"image":{"@id":"https:\/\/www.avrio.ch\/programs\/executive-master-in-business-it\/#primaryimage"},"thumbnailUrl":"https:\/\/www.avrio.ch\/v23\/wp-content\/uploads\/2023\/08\/EMBA-in-Business-IT-scaled-2.jpg","datePublished":"2023-07-24T22:58:38+00:00","dateModified":"2023-09-10T22:57:31+00:00","description":"El M\u00e1ster ejecutivo en tecnolog\u00eda de la informaci\u00f3n empresarial del Instituto Avrio de Gen\u00e8ve aborda el inter\u00e9s de los administradores y funcionarios que trabajan en la interfaz entre TI y la junta directiva y que tienen una comprensi\u00f3n general de las dos regiones. El objetivo principal es ense\u00f1ar a otra era de administradores el cambio avanzado. Este programa en l\u00ednea brinda una revisi\u00f3n de los formularios comerciales de toda la asociaci\u00f3n y proporciona a nuestros miembros la habilidad adecuada para comprender los aparatos y figuras m\u00e1s importantes.","breadcrumb":{"@id":"https:\/\/www.avrio.ch\/programs\/executive-master-in-business-it\/#breadcrumb"},"inLanguage":"es","potentialAction":[{"@type":"ReadAction","target":["https:\/\/www.avrio.ch\/programs\/executive-master-in-business-it\/"]}]},{"@type":"ImageObject","inLanguage":"es","@id":"https:\/\/www.avrio.ch\/programs\/executive-master-in-business-it\/#primaryimage","url":"https:\/\/www.avrio.ch\/v23\/wp-content\/uploads\/2023\/08\/EMBA-in-Business-IT-scaled-2.jpg","contentUrl":"https:\/\/www.avrio.ch\/v23\/wp-content\/uploads\/2023\/08\/EMBA-in-Business-IT-scaled-2.jpg","width":1500,"height":1086},{"@type":"BreadcrumbList","@id":"https:\/\/www.avrio.ch\/programs\/executive-master-in-business-it\/#breadcrumb","itemListElement":[{"@type":"ListItem","position":1,"name":"Home","item":"https:\/\/www.avrio.ch\/"},{"@type":"ListItem","position":2,"name":"Study Programs","item":"https:\/\/www.avrio.ch\/study-programs\/"},{"@type":"ListItem","position":3,"name":"Business Management Faculty","item":"https:\/\/www.avrio.ch\/study-programs\/business-management-faculty\/"},{"@type":"ListItem","position":4,"name":"Online Executive Master in Business and Management","item":"https:\/\/www.avrio.ch\/study-programs\/business-management-faculty\/online-emba-programs\/"},{"@type":"ListItem","position":5,"name":"Executive Master in Business IT"}]},{"@type":"WebSite","@id":"https:\/\/www.avrio.ch\/#website","url":"https:\/\/www.avrio.ch\/","name":"Instituto Avrio de Ginebra","description":"Instituto de Tecnolog\u00eda de la Informaci\u00f3n y Gesti\u00f3n Empresarial en L\u00ednea","publisher":{"@id":"https:\/\/www.avrio.ch\/#organization"},"alternateName":"Avrio Institute","potentialAction":[{"@type":"SearchAction","target":{"@type":"EntryPoint","urlTemplate":"https:\/\/www.avrio.ch\/?s={search_term_string}"},"query-input":{"@type":"PropertyValueSpecification","valueRequired":true,"valueName":"search_term_string"}}],"inLanguage":"es"},{"@type":["Organization","Place","CollegeOrUniversity"],"@id":"https:\/\/www.avrio.ch\/#organization","name":"Instituto Avrio de Ginebra","alternateName":"Avrio Institute","url":"https:\/\/www.avrio.ch\/","logo":{"@id":"https:\/\/www.avrio.ch\/programs\/executive-master-in-business-it\/#local-main-organization-logo"},"image":{"@id":"https:\/\/www.avrio.ch\/programs\/executive-master-in-business-it\/#local-main-organization-logo"},"sameAs":["https:\/\/www.facebook.com\/institutavriodegeneve\/","https:\/\/x.com\/AvrioDeGeneve","https:\/\/www.instagram.com\/institutavriodegeneve\/","https:\/\/www.linkedin.com\/in\/avrio-de-geneve-024392194\/","https:\/\/www.youtube.com\/channel\/UCPP2orNhGglhisZlldUbnkQ"],"address":{"@id":"https:\/\/www.avrio.ch\/programs\/executive-master-in-business-it\/#local-main-place-address"},"telephone":["+41794642989"],"openingHoursSpecification":[{"@type":"OpeningHoursSpecification","dayOfWeek":["Sunday","Wednesday","Saturday"],"opens":"00:00","closes":"00:00"},{"@type":"OpeningHoursSpecification","dayOfWeek":["Monday","Tuesday","Thursday","Friday"],"opens":"09:00","closes":"11:00"}],"email":"info@avrio.ch"},{"@type":"Person","@id":"https:\/\/www.avrio.ch\/#\/schema\/person\/e7974c0d2c4bee5aea5c23425e4e5532","name":"Instituto Avrio","image":{"@type":"ImageObject","inLanguage":"es","@id":"https:\/\/www.avrio.ch\/v23\/wp-content\/litespeed\/avatar\/a3d33f0d2ea3cd17bdc582894db0410a.jpg?ver=1777456527","url":"https:\/\/www.avrio.ch\/v23\/wp-content\/litespeed\/avatar\/a3d33f0d2ea3cd17bdc582894db0410a.jpg?ver=1777456527","contentUrl":"https:\/\/www.avrio.ch\/v23\/wp-content\/litespeed\/avatar\/a3d33f0d2ea3cd17bdc582894db0410a.jpg?ver=1777456527","caption":"Avrio Institute"},"sameAs":["https:\/\/www.avrio.ch\/"]},{"@type":"PostalAddress","@id":"https:\/\/www.avrio.ch\/programs\/executive-master-in-business-it\/#local-main-place-address","streetAddress":"Rue de la Cit\u00e9 1","addressLocality":"Geneva","postalCode":"1204","addressRegion":"Geneva","addressCountry":"CH"},{"@type":"ImageObject","inLanguage":"es","@id":"https:\/\/www.avrio.ch\/programs\/executive-master-in-business-it\/#local-main-organization-logo","url":"https:\/\/www.avrio.ch\/v23\/wp-content\/uploads\/2020\/04\/logo-new-img-1.png","contentUrl":"https:\/\/www.avrio.ch\/v23\/wp-content\/uploads\/2020\/04\/logo-new-img-1.png","width":539,"height":600,"caption":"Institut Avrio de Gen\u00e8ve"}]},"geo.placename":"Geneva","geo.region":"Suiza"},"_links":{"self":[{"href":"https:\/\/www.avrio.ch\/es\/wp-json\/wp\/v2\/posts\/109","targetHints":{"allow":["GET"]}}],"collection":[{"href":"https:\/\/www.avrio.ch\/es\/wp-json\/wp\/v2\/posts"}],"about":[{"href":"https:\/\/www.avrio.ch\/es\/wp-json\/wp\/v2\/types\/post"}],"author":[{"embeddable":true,"href":"https:\/\/www.avrio.ch\/es\/wp-json\/wp\/v2\/users\/1"}],"replies":[{"embeddable":true,"href":"https:\/\/www.avrio.ch\/es\/wp-json\/wp\/v2\/comments?post=109"}],"version-history":[{"count":0,"href":"https:\/\/www.avrio.ch\/es\/wp-json\/wp\/v2\/posts\/109\/revisions"}],"wp:featuredmedia":[{"embeddable":true,"href":"https:\/\/www.avrio.ch\/es\/wp-json\/wp\/v2\/media\/25704"}],"wp:attachment":[{"href":"https:\/\/www.avrio.ch\/es\/wp-json\/wp\/v2\/media?parent=109"}],"wp:term":[{"taxonomy":"category","embeddable":true,"href":"https:\/\/www.avrio.ch\/es\/wp-json\/wp\/v2\/categories?post=109"},{"taxonomy":"post_tag","embeddable":true,"href":"https:\/\/www.avrio.ch\/es\/wp-json\/wp\/v2\/tags?post=109"}],"curies":[{"name":"wp","href":"https:\/\/api.w.org\/{rel}","templated":true}]}}