{"id":95,"date":"2023-07-24T22:58:36","date_gmt":"2023-07-24T22:58:36","guid":{"rendered":"https:\/\/www.avrio.ch\/v23\/uncategorized\/master-in-health-social-care-management\/"},"modified":"2023-09-11T00:57:23","modified_gmt":"2023-09-10T22:57:23","slug":"master-in-gesundheits-und-sozialfursorgemanagement","status":"publish","type":"post","link":"https:\/\/www.avrio.ch\/de\/programs\/master-in-health-social-care-management\/","title":{"rendered":"Master in Gesundheits- und Sozialmanagement"},"content":{"rendered":"<p>Der MBA in Gesundheits- und Sozialwesen des Institut Avrio de Gen\u00e8ve ist ein Diplom, das in 1,5 Jahren abgeschlossen werden kann und Sie f\u00fcr F\u00fchrungspositionen im Gesundheitswesen qualifiziert. Wenn Sie \u00fcber umfassende Kenntnisse aller Aspekte des Gesundheitswesens verf\u00fcgen und in die F\u00fchrungsebene wechseln m\u00f6chten, dann ist dies ein interdisziplin\u00e4res Diplom, das Ihnen verschiedene T\u00fcren \u00f6ffnet.<\/p>\n<p> \u00a0<\/p>\n<p>Wenn Sie sich f\u00fcr einen Online-MBA in Gesundheits- und Sozialwesen an schweizerisch-britischen Instituten entscheiden, k\u00f6nnen Sie sich fundierte Kenntnisse \u00fcber die Grunds\u00e4tze des Gesundheitsmanagements aneignen. Bessere Kenntnisse f\u00fchren zu guten Arbeitsstellen. Melden Sie sich beim Avrio Institute an, schlie\u00dfen Sie das Programm erfolgreich ab und erwerben Sie Ihre Managementausbildung auf Master-Niveau, um Ihre Chancen auf eine erfolgreiche Karriere zu verbessern. Spitzenfirmen auf der ganzen Welt verlangen echte Managementf\u00e4higkeiten und diese F\u00e4higkeiten werden durch das Schweizer Qualit\u00e4tssystem mit britischer Ausbildung (Lehrplan) entwickelt.<\/p>\n<p> \u00a0<\/p>\n<p>Dieses Diplom kombiniert die Konzepte des Gesundheitswesens und der Unternehmensf\u00fchrung, um den Studierenden die Grundlagen des Managements sowohl durch praktisches als auch durch akademisches Wissen zu vermitteln. Der Lehrplan dieses Ferndiploms umfasst Themen wie Entscheidungsfindung, Gesundheitsvorschriften, Buchhaltung und Budgetierung, Marketing und Wirtschaft. Diese Grunds\u00e4tze k\u00f6nnen Studierenden dabei helfen, in Zukunft kompetente Fachkr\u00e4fte im Gesundheitswesen zu werden.<\/p>\n<p>Ihr Lebenslauf zeigt Ihre Erfolge und Ihr Kaliber. Der MBA in Gesundheits- und Sozialwesen ist ein sehr beliebter MBA-Abschluss. Ihr Lebenslauf d\u00fcrfte aufgrund der hohen akademischen Leistungen, die Sie nach Abschluss dieses Diploms vorweisen k\u00f6nnen, die Aufmerksamkeit von Personalvermittlern auf sich ziehen. Sie k\u00f6nnen Erfahrungen in verschiedenen Branchen des Gesundheitswesens sammeln, um Ihren Lebenslauf deutlich zu verbessern. Mehr Bildung f\u00fchrt zu besseren Job- und Praktikumsm\u00f6glichkeiten. Diese Erfahrungen machen den Lebenslauf letztendlich attraktiver. Dar\u00fcber hinaus haben Sie nach Abschluss dieses Diploms Anspruch auf viele Stellen. Sie k\u00f6nnen Jobs in verschiedenen Branchen des Gesundheits- und Sozialwesens finden. Karrieren nach dem Abschluss k\u00f6nnen Berufe wie Gesundheitsmanager, stellvertretender Direktor des Gesundheitswesens, Administrator des Gesundheitswesens oder Verkaufsberater f\u00fcr Arzneimittel umfassen. All diese Besch\u00e4ftigungsm\u00f6glichkeiten k\u00f6nnen nach dem Sammeln von Erfahrung zu erfolgreicheren Chancen auf bessere Arbeitsstellen f\u00fchren.<\/p>","protected":false},"excerpt":{"rendered":"<p>qualifiziert Sie f\u00fcr F\u00fchrungspositionen im Gesundheitswesen. Wenn Sie \u00fcber umfassende Kenntnisse aller Aspekte des Gesundheitswesens verf\u00fcgen und in die F\u00fchrungsebene wechseln m\u00f6chten, dann ist dies ein interdisziplin\u00e4res Diplom, das Ihnen verschiedene T\u00fcren \u00f6ffnet.\u00a0<\/p>","protected":false},"author":1,"featured_media":25730,"comment_status":"closed","ping_status":"open","sticky":false,"template":"","format":"standard","meta":{"_acf_changed":false,"site-sidebar-layout":"default","site-content-layout":"","ast-site-content-layout":"default","site-content-style":"default","site-sidebar-style":"default","ast-global-header-display":"","ast-banner-title-visibility":"","ast-main-header-display":"","ast-hfb-above-header-display":"","ast-hfb-below-header-display":"","ast-hfb-mobile-header-display":"","site-post-title":"","ast-breadcrumbs-content":"","ast-featured-img":"","footer-sml-layout":"","ast-disable-related-posts":"","theme-transparent-header-meta":"","adv-header-id-meta":"","stick-header-meta":"","header-above-stick-meta":"","header-main-stick-meta":"","header-below-stick-meta":"","astra-migrate-meta-layouts":"default","ast-page-background-enabled":"default","ast-page-background-meta":{"desktop":{"background-color":"var(--ast-global-color-4)","background-image":"","background-repeat":"repeat","background-position":"center center","background-size":"auto","background-attachment":"scroll","background-type":"","background-media":"","overlay-type":"","overlay-color":"","overlay-opacity":"","overlay-gradient":""},"tablet":{"background-color":"","background-image":"","background-repeat":"repeat","background-position":"center center","background-size":"auto","background-attachment":"scroll","background-type":"","background-media":"","overlay-type":"","overlay-color":"","overlay-opacity":"","overlay-gradient":""},"mobile":{"background-color":"","background-image":"","background-repeat":"repeat","background-position":"center center","background-size":"auto","background-attachment":"scroll","background-type":"","background-media":"","overlay-type":"","overlay-color":"","overlay-opacity":"","overlay-gradient":""}},"ast-content-background-meta":{"desktop":{"background-color":"var(--ast-global-color-5)","background-image":"","background-repeat":"repeat","background-position":"center center","background-size":"auto","background-attachment":"scroll","background-type":"","background-media":"","overlay-type":"","overlay-color":"","overlay-opacity":"","overlay-gradient":""},"tablet":{"background-color":"var(--ast-global-color-5)","background-image":"","background-repeat":"repeat","background-position":"center center","background-size":"auto","background-attachment":"scroll","background-type":"","background-media":"","overlay-type":"","overlay-color":"","overlay-opacity":"","overlay-gradient":""},"mobile":{"background-color":"var(--ast-global-color-5)","background-image":"","background-repeat":"repeat","background-position":"center center","background-size":"auto","background-attachment":"scroll","background-type":"","background-media":"","overlay-type":"","overlay-color":"","overlay-opacity":"","overlay-gradient":""}},"footnotes":""},"categories":[10],"tags":[],"class_list":["post-95","post","type-post","status-publish","format-standard","has-post-thumbnail","hentry","category-online-mba-programs"],"acf":[],"yoast_head":"<!-- This site is optimized with the Yoast SEO Premium plugin v27.4 (Yoast SEO v27.4) - https:\/\/yoast.com\/product\/yoast-seo-premium-wordpress\/ -->\n<title>Online Master in Health &amp; Social Care Management - Institut Avrio de Gen\u00e8ve<\/title>\n<meta name=\"description\" content=\"makes you eligible for management jobs in the health care sector. If you are equipped with proper knowledge of all the aspects related to health care and want to shift towards the management side, then this is an interdisciplinary diploma that will open various doors for you.\u00a0\" \/>\n<meta name=\"robots\" content=\"index, follow, max-snippet:-1, max-image-preview:large, max-video-preview:-1\" \/>\n<link rel=\"canonical\" href=\"https:\/\/www.avrio.ch\/de\/programme\/master-in-gesundheits-und-sozialfursorgemanagement\/\" \/>\n<meta property=\"og:locale\" content=\"de_DE\" \/>\n<meta property=\"og:type\" content=\"article\" \/>\n<meta property=\"og:title\" content=\"Master in Health &amp; Social Care Management\" \/>\n<meta property=\"og:description\" content=\"makes you eligible for management jobs in the health care sector. If you are equipped with proper knowledge of all the aspects related to health care and want to shift towards the management side, then this is an interdisciplinary diploma that will open various doors for you.\u00a0\" \/>\n<meta property=\"og:url\" content=\"https:\/\/www.avrio.ch\/de\/programme\/master-in-gesundheits-und-sozialfursorgemanagement\/\" \/>\n<meta property=\"og:site_name\" content=\"Institut Avrio de Gen\u00e8ve\" \/>\n<meta property=\"article:publisher\" content=\"https:\/\/www.facebook.com\/institutavriodegeneve\/\" \/>\n<meta property=\"article:published_time\" content=\"2023-07-24T22:58:36+00:00\" \/>\n<meta property=\"article:modified_time\" content=\"2023-09-10T22:57:23+00:00\" \/>\n<meta property=\"og:image\" content=\"https:\/\/www.avrio.ch\/v23\/wp-content\/uploads\/2023\/08\/EMBA-in-Health-Social-Care-scaled-3.jpg\" \/>\n\t<meta property=\"og:image:width\" content=\"1500\" \/>\n\t<meta property=\"og:image:height\" content=\"875\" \/>\n\t<meta property=\"og:image:type\" content=\"image\/jpeg\" \/>\n<meta name=\"author\" content=\"Avrio Institute\" \/>\n<meta name=\"twitter:card\" content=\"summary_large_image\" \/>\n<meta name=\"twitter:creator\" content=\"@AvrioDeGeneve\" \/>\n<meta name=\"twitter:site\" content=\"@AvrioDeGeneve\" \/>\n<meta name=\"twitter:label1\" content=\"Verfasst von\" \/>\n\t<meta name=\"twitter:data1\" content=\"Avrio Institute\" \/>\n\t<meta name=\"twitter:label2\" content=\"Gesch\u00e4tzte Lesezeit\" \/>\n\t<meta name=\"twitter:data2\" content=\"2\u00a0Minuten\" \/>\n<script type=\"application\/ld+json\" class=\"yoast-schema-graph\">{\"@context\":\"https:\\\/\\\/schema.org\",\"@graph\":[{\"@type\":\"Article\",\"@id\":\"https:\\\/\\\/www.avrio.ch\\\/programs\\\/master-in-health-social-care-management\\\/#article\",\"isPartOf\":{\"@id\":\"https:\\\/\\\/www.avrio.ch\\\/programs\\\/master-in-health-social-care-management\\\/\"},\"author\":{\"name\":\"Avrio Institute\",\"@id\":\"https:\\\/\\\/www.avrio.ch\\\/#\\\/schema\\\/person\\\/e7974c0d2c4bee5aea5c23425e4e5532\"},\"headline\":\"Master in Health &#038; Social Care Management\",\"datePublished\":\"2023-07-24T22:58:36+00:00\",\"dateModified\":\"2023-09-10T22:57:23+00:00\",\"mainEntityOfPage\":{\"@id\":\"https:\\\/\\\/www.avrio.ch\\\/programs\\\/master-in-health-social-care-management\\\/\"},\"wordCount\":358,\"publisher\":{\"@id\":\"https:\\\/\\\/www.avrio.ch\\\/#organization\"},\"image\":{\"@id\":\"https:\\\/\\\/www.avrio.ch\\\/programs\\\/master-in-health-social-care-management\\\/#primaryimage\"},\"thumbnailUrl\":\"https:\\\/\\\/www.avrio.ch\\\/v23\\\/wp-content\\\/uploads\\\/2023\\\/08\\\/EMBA-in-Health-Social-Care-scaled-3.jpg\",\"articleSection\":[\"Online Master in Business and Management\"],\"inLanguage\":\"de\"},{\"@type\":\"WebPage\",\"@id\":\"https:\\\/\\\/www.avrio.ch\\\/programs\\\/master-in-health-social-care-management\\\/\",\"url\":\"https:\\\/\\\/www.avrio.ch\\\/programs\\\/master-in-health-social-care-management\\\/\",\"name\":\"Online Master in Health & Social Care Management - Institut Avrio de Gen\u00e8ve\",\"isPartOf\":{\"@id\":\"https:\\\/\\\/www.avrio.ch\\\/#website\"},\"primaryImageOfPage\":{\"@id\":\"https:\\\/\\\/www.avrio.ch\\\/programs\\\/master-in-health-social-care-management\\\/#primaryimage\"},\"image\":{\"@id\":\"https:\\\/\\\/www.avrio.ch\\\/programs\\\/master-in-health-social-care-management\\\/#primaryimage\"},\"thumbnailUrl\":\"https:\\\/\\\/www.avrio.ch\\\/v23\\\/wp-content\\\/uploads\\\/2023\\\/08\\\/EMBA-in-Health-Social-Care-scaled-3.jpg\",\"datePublished\":\"2023-07-24T22:58:36+00:00\",\"dateModified\":\"2023-09-10T22:57:23+00:00\",\"description\":\"makes you eligible for management jobs in the health care sector. If you are equipped with proper knowledge of all the aspects related to health care and want to shift towards the management side, then this is an interdisciplinary diploma that will open various doors for you.\u00a0\",\"breadcrumb\":{\"@id\":\"https:\\\/\\\/www.avrio.ch\\\/programs\\\/master-in-health-social-care-management\\\/#breadcrumb\"},\"inLanguage\":\"de\",\"potentialAction\":[{\"@type\":\"ReadAction\",\"target\":[\"https:\\\/\\\/www.avrio.ch\\\/programs\\\/master-in-health-social-care-management\\\/\"]}]},{\"@type\":\"ImageObject\",\"inLanguage\":\"de\",\"@id\":\"https:\\\/\\\/www.avrio.ch\\\/programs\\\/master-in-health-social-care-management\\\/#primaryimage\",\"url\":\"https:\\\/\\\/www.avrio.ch\\\/v23\\\/wp-content\\\/uploads\\\/2023\\\/08\\\/EMBA-in-Health-Social-Care-scaled-3.jpg\",\"contentUrl\":\"https:\\\/\\\/www.avrio.ch\\\/v23\\\/wp-content\\\/uploads\\\/2023\\\/08\\\/EMBA-in-Health-Social-Care-scaled-3.jpg\",\"width\":1500,\"height\":875},{\"@type\":\"BreadcrumbList\",\"@id\":\"https:\\\/\\\/www.avrio.ch\\\/programs\\\/master-in-health-social-care-management\\\/#breadcrumb\",\"itemListElement\":[{\"@type\":\"ListItem\",\"position\":1,\"name\":\"Home\",\"item\":\"https:\\\/\\\/www.avrio.ch\\\/\"},{\"@type\":\"ListItem\",\"position\":2,\"name\":\"Study Programs\",\"item\":\"https:\\\/\\\/www.avrio.ch\\\/study-programs\\\/\"},{\"@type\":\"ListItem\",\"position\":3,\"name\":\"Business Management Faculty\",\"item\":\"https:\\\/\\\/www.avrio.ch\\\/study-programs\\\/business-management-faculty\\\/\"},{\"@type\":\"ListItem\",\"position\":4,\"name\":\"Online Master in Business and Management\",\"item\":\"https:\\\/\\\/www.avrio.ch\\\/study-programs\\\/business-management-faculty\\\/online-mba-programs\\\/\"},{\"@type\":\"ListItem\",\"position\":5,\"name\":\"Master in Health &#038; Social Care Management\"}]},{\"@type\":\"WebSite\",\"@id\":\"https:\\\/\\\/www.avrio.ch\\\/#website\",\"url\":\"https:\\\/\\\/www.avrio.ch\\\/\",\"name\":\"Institut Avrio de Gen\u00e8ve\",\"description\":\"Online Business Management &amp; Information Technology Institute\",\"publisher\":{\"@id\":\"https:\\\/\\\/www.avrio.ch\\\/#organization\"},\"alternateName\":\"Avrio Institute\",\"potentialAction\":[{\"@type\":\"SearchAction\",\"target\":{\"@type\":\"EntryPoint\",\"urlTemplate\":\"https:\\\/\\\/www.avrio.ch\\\/?s={search_term_string}\"},\"query-input\":{\"@type\":\"PropertyValueSpecification\",\"valueRequired\":true,\"valueName\":\"search_term_string\"}}],\"inLanguage\":\"de\"},{\"@type\":[\"Organization\",\"Place\",\"CollegeOrUniversity\"],\"@id\":\"https:\\\/\\\/www.avrio.ch\\\/#organization\",\"name\":\"Institut Avrio de Gen\u00e8ve\",\"alternateName\":\"Avrio Institute\",\"url\":\"https:\\\/\\\/www.avrio.ch\\\/\",\"logo\":{\"@id\":\"https:\\\/\\\/www.avrio.ch\\\/programs\\\/master-in-health-social-care-management\\\/#local-main-organization-logo\"},\"image\":{\"@id\":\"https:\\\/\\\/www.avrio.ch\\\/programs\\\/master-in-health-social-care-management\\\/#local-main-organization-logo\"},\"sameAs\":[\"https:\\\/\\\/www.facebook.com\\\/institutavriodegeneve\\\/\",\"https:\\\/\\\/x.com\\\/AvrioDeGeneve\",\"https:\\\/\\\/www.instagram.com\\\/institutavriodegeneve\\\/\",\"https:\\\/\\\/www.linkedin.com\\\/in\\\/avrio-de-geneve-024392194\\\/\",\"https:\\\/\\\/www.youtube.com\\\/channel\\\/UCPP2orNhGglhisZlldUbnkQ\"],\"address\":{\"@id\":\"https:\\\/\\\/www.avrio.ch\\\/programs\\\/master-in-health-social-care-management\\\/#local-main-place-address\"},\"telephone\":[\"+41794642989\"],\"openingHoursSpecification\":[{\"@type\":\"OpeningHoursSpecification\",\"dayOfWeek\":[\"Sunday\",\"Wednesday\",\"Saturday\"],\"opens\":\"00:00\",\"closes\":\"00:00\"},{\"@type\":\"OpeningHoursSpecification\",\"dayOfWeek\":[\"Monday\",\"Tuesday\",\"Thursday\",\"Friday\"],\"opens\":\"09:00\",\"closes\":\"11:00\"}],\"email\":\"info@avrio.ch\"},{\"@type\":\"Person\",\"@id\":\"https:\\\/\\\/www.avrio.ch\\\/#\\\/schema\\\/person\\\/e7974c0d2c4bee5aea5c23425e4e5532\",\"name\":\"Avrio Institute\",\"image\":{\"@type\":\"ImageObject\",\"inLanguage\":\"de\",\"@id\":\"https:\\\/\\\/www.avrio.ch\\\/v23\\\/wp-content\\\/litespeed\\\/avatar\\\/a3d33f0d2ea3cd17bdc582894db0410a.jpg?ver=1777456527\",\"url\":\"https:\\\/\\\/www.avrio.ch\\\/v23\\\/wp-content\\\/litespeed\\\/avatar\\\/a3d33f0d2ea3cd17bdc582894db0410a.jpg?ver=1777456527\",\"contentUrl\":\"https:\\\/\\\/www.avrio.ch\\\/v23\\\/wp-content\\\/litespeed\\\/avatar\\\/a3d33f0d2ea3cd17bdc582894db0410a.jpg?ver=1777456527\",\"caption\":\"Avrio Institute\"},\"sameAs\":[\"https:\\\/\\\/www.avrio.ch\\\/\"]},{\"@type\":\"PostalAddress\",\"@id\":\"https:\\\/\\\/www.avrio.ch\\\/programs\\\/master-in-health-social-care-management\\\/#local-main-place-address\",\"streetAddress\":\"Rue de la Cit\u00e9 1\",\"addressLocality\":\"Geneva\",\"postalCode\":\"1204\",\"addressRegion\":\"Geneva\",\"addressCountry\":\"CH\"},{\"@type\":\"ImageObject\",\"inLanguage\":\"de\",\"@id\":\"https:\\\/\\\/www.avrio.ch\\\/programs\\\/master-in-health-social-care-management\\\/#local-main-organization-logo\",\"url\":\"https:\\\/\\\/www.avrio.ch\\\/v23\\\/wp-content\\\/uploads\\\/2020\\\/04\\\/logo-new-img-1.png\",\"contentUrl\":\"https:\\\/\\\/www.avrio.ch\\\/v23\\\/wp-content\\\/uploads\\\/2020\\\/04\\\/logo-new-img-1.png\",\"width\":539,\"height\":600,\"caption\":\"Institut Avrio de Gen\u00e8ve\"}]}<\/script>\n<meta name=\"geo.placename\" content=\"Geneva\" \/>\n<meta name=\"geo.region\" content=\"Schweiz\" \/>\n<!-- \/ Yoast SEO Premium plugin. -->","yoast_head_json":{"title":"Online-Master in Gesundheits- und Sozialmanagement - Institut Avrio de Gen\u00e8ve","description":"qualifiziert Sie f\u00fcr F\u00fchrungspositionen im Gesundheitswesen. Wenn Sie \u00fcber umfassende Kenntnisse aller Aspekte des Gesundheitswesens verf\u00fcgen und in die F\u00fchrungsebene wechseln m\u00f6chten, dann ist dies ein interdisziplin\u00e4res Diplom, das Ihnen verschiedene T\u00fcren \u00f6ffnet.\u00a0","robots":{"index":"index","follow":"follow","max-snippet":"max-snippet:-1","max-image-preview":"max-image-preview:large","max-video-preview":"max-video-preview:-1"},"canonical":"https:\/\/www.avrio.ch\/de\/programme\/master-in-gesundheits-und-sozialfursorgemanagement\/","og_locale":"de_DE","og_type":"article","og_title":"Master in Health & Social Care Management","og_description":"makes you eligible for management jobs in the health care sector. If you are equipped with proper knowledge of all the aspects related to health care and want to shift towards the management side, then this is an interdisciplinary diploma that will open various doors for you.\u00a0","og_url":"https:\/\/www.avrio.ch\/de\/programme\/master-in-gesundheits-und-sozialfursorgemanagement\/","og_site_name":"Institut Avrio de Gen\u00e8ve","article_publisher":"https:\/\/www.facebook.com\/institutavriodegeneve\/","article_published_time":"2023-07-24T22:58:36+00:00","article_modified_time":"2023-09-10T22:57:23+00:00","og_image":[{"width":1500,"height":875,"url":"https:\/\/www.avrio.ch\/v23\/wp-content\/uploads\/2023\/08\/EMBA-in-Health-Social-Care-scaled-3.jpg","type":"image\/jpeg"}],"author":"Avrio Institute","twitter_card":"summary_large_image","twitter_creator":"@AvrioDeGeneve","twitter_site":"@AvrioDeGeneve","twitter_misc":{"Verfasst von":"Avrio Institute","Gesch\u00e4tzte Lesezeit":"2\u00a0Minuten"},"schema":{"@context":"https:\/\/schema.org","@graph":[{"@type":"Article","@id":"https:\/\/www.avrio.ch\/programs\/master-in-health-social-care-management\/#article","isPartOf":{"@id":"https:\/\/www.avrio.ch\/programs\/master-in-health-social-care-management\/"},"author":{"name":"Avrio Institute","@id":"https:\/\/www.avrio.ch\/#\/schema\/person\/e7974c0d2c4bee5aea5c23425e4e5532"},"headline":"Master in Health &#038; Social Care Management","datePublished":"2023-07-24T22:58:36+00:00","dateModified":"2023-09-10T22:57:23+00:00","mainEntityOfPage":{"@id":"https:\/\/www.avrio.ch\/programs\/master-in-health-social-care-management\/"},"wordCount":358,"publisher":{"@id":"https:\/\/www.avrio.ch\/#organization"},"image":{"@id":"https:\/\/www.avrio.ch\/programs\/master-in-health-social-care-management\/#primaryimage"},"thumbnailUrl":"https:\/\/www.avrio.ch\/v23\/wp-content\/uploads\/2023\/08\/EMBA-in-Health-Social-Care-scaled-3.jpg","articleSection":["Online Master in Business and Management"],"inLanguage":"de"},{"@type":"WebPage","@id":"https:\/\/www.avrio.ch\/programs\/master-in-health-social-care-management\/","url":"https:\/\/www.avrio.ch\/programs\/master-in-health-social-care-management\/","name":"Online-Master in Gesundheits- und Sozialmanagement - Institut Avrio de Gen\u00e8ve","isPartOf":{"@id":"https:\/\/www.avrio.ch\/#website"},"primaryImageOfPage":{"@id":"https:\/\/www.avrio.ch\/programs\/master-in-health-social-care-management\/#primaryimage"},"image":{"@id":"https:\/\/www.avrio.ch\/programs\/master-in-health-social-care-management\/#primaryimage"},"thumbnailUrl":"https:\/\/www.avrio.ch\/v23\/wp-content\/uploads\/2023\/08\/EMBA-in-Health-Social-Care-scaled-3.jpg","datePublished":"2023-07-24T22:58:36+00:00","dateModified":"2023-09-10T22:57:23+00:00","description":"qualifiziert Sie f\u00fcr F\u00fchrungspositionen im Gesundheitswesen. Wenn Sie \u00fcber umfassende Kenntnisse aller Aspekte des Gesundheitswesens verf\u00fcgen und in die F\u00fchrungsebene wechseln m\u00f6chten, dann ist dies ein interdisziplin\u00e4res Diplom, das Ihnen verschiedene T\u00fcren \u00f6ffnet.\u00a0","breadcrumb":{"@id":"https:\/\/www.avrio.ch\/programs\/master-in-health-social-care-management\/#breadcrumb"},"inLanguage":"de","potentialAction":[{"@type":"ReadAction","target":["https:\/\/www.avrio.ch\/programs\/master-in-health-social-care-management\/"]}]},{"@type":"ImageObject","inLanguage":"de","@id":"https:\/\/www.avrio.ch\/programs\/master-in-health-social-care-management\/#primaryimage","url":"https:\/\/www.avrio.ch\/v23\/wp-content\/uploads\/2023\/08\/EMBA-in-Health-Social-Care-scaled-3.jpg","contentUrl":"https:\/\/www.avrio.ch\/v23\/wp-content\/uploads\/2023\/08\/EMBA-in-Health-Social-Care-scaled-3.jpg","width":1500,"height":875},{"@type":"BreadcrumbList","@id":"https:\/\/www.avrio.ch\/programs\/master-in-health-social-care-management\/#breadcrumb","itemListElement":[{"@type":"ListItem","position":1,"name":"Home","item":"https:\/\/www.avrio.ch\/"},{"@type":"ListItem","position":2,"name":"Study Programs","item":"https:\/\/www.avrio.ch\/study-programs\/"},{"@type":"ListItem","position":3,"name":"Business Management Faculty","item":"https:\/\/www.avrio.ch\/study-programs\/business-management-faculty\/"},{"@type":"ListItem","position":4,"name":"Online Master in Business and Management","item":"https:\/\/www.avrio.ch\/study-programs\/business-management-faculty\/online-mba-programs\/"},{"@type":"ListItem","position":5,"name":"Master in Health &#038; Social Care Management"}]},{"@type":"WebSite","@id":"https:\/\/www.avrio.ch\/#website","url":"https:\/\/www.avrio.ch\/","name":"Institut Avrio de Gen\u00e8ve","description":"Online-Institut f\u00fcr Unternehmensf\u00fchrung und Informationstechnologie","publisher":{"@id":"https:\/\/www.avrio.ch\/#organization"},"alternateName":"Avrio Institute","potentialAction":[{"@type":"SearchAction","target":{"@type":"EntryPoint","urlTemplate":"https:\/\/www.avrio.ch\/?s={search_term_string}"},"query-input":{"@type":"PropertyValueSpecification","valueRequired":true,"valueName":"search_term_string"}}],"inLanguage":"de"},{"@type":["Organization","Place","CollegeOrUniversity"],"@id":"https:\/\/www.avrio.ch\/#organization","name":"Institut Avrio de Gen\u00e8ve","alternateName":"Avrio Institute","url":"https:\/\/www.avrio.ch\/","logo":{"@id":"https:\/\/www.avrio.ch\/programs\/master-in-health-social-care-management\/#local-main-organization-logo"},"image":{"@id":"https:\/\/www.avrio.ch\/programs\/master-in-health-social-care-management\/#local-main-organization-logo"},"sameAs":["https:\/\/www.facebook.com\/institutavriodegeneve\/","https:\/\/x.com\/AvrioDeGeneve","https:\/\/www.instagram.com\/institutavriodegeneve\/","https:\/\/www.linkedin.com\/in\/avrio-de-geneve-024392194\/","https:\/\/www.youtube.com\/channel\/UCPP2orNhGglhisZlldUbnkQ"],"address":{"@id":"https:\/\/www.avrio.ch\/programs\/master-in-health-social-care-management\/#local-main-place-address"},"telephone":["+41794642989"],"openingHoursSpecification":[{"@type":"OpeningHoursSpecification","dayOfWeek":["Sunday","Wednesday","Saturday"],"opens":"00:00","closes":"00:00"},{"@type":"OpeningHoursSpecification","dayOfWeek":["Monday","Tuesday","Thursday","Friday"],"opens":"09:00","closes":"11:00"}],"email":"info@avrio.ch"},{"@type":"Person","@id":"https:\/\/www.avrio.ch\/#\/schema\/person\/e7974c0d2c4bee5aea5c23425e4e5532","name":"Avrio-Institut","image":{"@type":"ImageObject","inLanguage":"de","@id":"https:\/\/www.avrio.ch\/v23\/wp-content\/litespeed\/avatar\/a3d33f0d2ea3cd17bdc582894db0410a.jpg?ver=1777456527","url":"https:\/\/www.avrio.ch\/v23\/wp-content\/litespeed\/avatar\/a3d33f0d2ea3cd17bdc582894db0410a.jpg?ver=1777456527","contentUrl":"https:\/\/www.avrio.ch\/v23\/wp-content\/litespeed\/avatar\/a3d33f0d2ea3cd17bdc582894db0410a.jpg?ver=1777456527","caption":"Avrio Institute"},"sameAs":["https:\/\/www.avrio.ch\/"]},{"@type":"PostalAddress","@id":"https:\/\/www.avrio.ch\/programs\/master-in-health-social-care-management\/#local-main-place-address","streetAddress":"Rue de la Cit\u00e9 1","addressLocality":"Geneva","postalCode":"1204","addressRegion":"Geneva","addressCountry":"CH"},{"@type":"ImageObject","inLanguage":"de","@id":"https:\/\/www.avrio.ch\/programs\/master-in-health-social-care-management\/#local-main-organization-logo","url":"https:\/\/www.avrio.ch\/v23\/wp-content\/uploads\/2020\/04\/logo-new-img-1.png","contentUrl":"https:\/\/www.avrio.ch\/v23\/wp-content\/uploads\/2020\/04\/logo-new-img-1.png","width":539,"height":600,"caption":"Institut Avrio de Gen\u00e8ve"}]},"geo.placename":"Geneva","geo.region":"Schweiz"},"_links":{"self":[{"href":"https:\/\/www.avrio.ch\/de\/wp-json\/wp\/v2\/posts\/95","targetHints":{"allow":["GET"]}}],"collection":[{"href":"https:\/\/www.avrio.ch\/de\/wp-json\/wp\/v2\/posts"}],"about":[{"href":"https:\/\/www.avrio.ch\/de\/wp-json\/wp\/v2\/types\/post"}],"author":[{"embeddable":true,"href":"https:\/\/www.avrio.ch\/de\/wp-json\/wp\/v2\/users\/1"}],"replies":[{"embeddable":true,"href":"https:\/\/www.avrio.ch\/de\/wp-json\/wp\/v2\/comments?post=95"}],"version-history":[{"count":0,"href":"https:\/\/www.avrio.ch\/de\/wp-json\/wp\/v2\/posts\/95\/revisions"}],"wp:featuredmedia":[{"embeddable":true,"href":"https:\/\/www.avrio.ch\/de\/wp-json\/wp\/v2\/media\/25730"}],"wp:attachment":[{"href":"https:\/\/www.avrio.ch\/de\/wp-json\/wp\/v2\/media?parent=95"}],"wp:term":[{"taxonomy":"category","embeddable":true,"href":"https:\/\/www.avrio.ch\/de\/wp-json\/wp\/v2\/categories?post=95"},{"taxonomy":"post_tag","embeddable":true,"href":"https:\/\/www.avrio.ch\/de\/wp-json\/wp\/v2\/tags?post=95"}],"curies":[{"name":"wp","href":"https:\/\/api.w.org\/{rel}","templated":true}]}}